{"id":728,"date":"2011-08-16T12:00:27","date_gmt":"2011-08-16T10:00:27","guid":{"rendered":"http:\/\/fccorporate.wpengine.com\/de\/?p=728"},"modified":"2018-11-12T16:23:09","modified_gmt":"2018-11-12T15:23:09","slug":"daddler-gamer-fotografen-fotocommunity-de-auf-der-gamescom-2011","status":"publish","type":"post","link":"https:\/\/fotocommunity.net\/es\/2011\/08\/daddler-gamer-fotografen-fotocommunity-de-auf-der-gamescom-2011\/","title":{"rendered":"Daddler, Gamer, Fotografen: fotocommunity.de auf der gamescom 2011"},"content":{"rendered":"<p><strong>K\u00f6ln, 18. August 2011: fotocommunity.de, die gr\u00f6\u00dfte Gemeinschaft f\u00fcr Fotografie in Europa, ist vom 18. bis zum 21. August 2011 auf der gamescom in K\u00f6ln vertreten und macht ihren Messestand in Halle 10.1 zum Anlauf- und Treffpunkt f\u00fcr alle Fotobegeisterten auf der gamescom, dem gr\u00f6\u00dften Messe- und Event-Highlight f\u00fcr Spiele und Unterhaltung.<\/strong><\/p>\n<p>Auf Ihrer Event-Fl\u00e4che veranstaltet die fotocommunity gemeinsam mit ihren Partnern, der photokina, der Electronic Sports League (ESL) und der gamescom eine gro\u00dfe Fotoaktion: Jeder Besucher hat am Stand der fotocommunity die M\u00f6glichkeit, sich kostenlos von namhaften Profifotografen in Szene setzen zu lassen und sich die Aufnahmen Zuhause herunterzuladen. Zus\u00e4tzlich wird den G\u00e4sten auf dem fotocommunity-Stand eine Fotoausstellung zum Thema \u201eE-Sport\u201c geboten. Die ausgestellten Fotos sind als Gewinnerbilder aus einem Fotowettbewerb hervorgegangen, den die fotocommunity im Vorfeld der Messe gemeinsam mit der photokina, der ESL und der gamescom veranstaltet hatte und bei dem es Preise im Gesamtwert von 11.000 Euro zu gewinnen gab.<\/p>\n<p><a href=\"http:\/\/www.fotocommunity.de\/\">fotocommunity.de<\/a> ist mit u\u0308ber einer Million registrierten Mitgliedern die gr\u00f6\u00dfte Gemeinschaft f\u00fcr Fotografie in Europa. Seit ihrer Gr\u00fcndung im Jahr 2001 wurden u\u0308ber 20 Millionen Fotos hochgeladen und 200 Millionen Bildkritiken verfasst. Das Angebot verzeichnet 170 Millionen Seitenaufrufe im Monat.<\/p>\n","protected":false},"excerpt":{"rendered":"<p>K\u00f6ln, 18. August 2011: fotocommunity.de, die gr\u00f6\u00dfte Gemeinschaft f\u00fcr Fotografie in Europa, ist vom 18. bis zum 21. August 2011 auf der gamescom in K\u00f6ln vertreten und macht ihren Messestand&#8230;<\/p>\n","protected":false},"author":25,"featured_media":0,"comment_status":"closed","ping_status":"open","sticky":false,"template":"","format":"standard","meta":{"footnotes":""},"categories":[18],"tags":[],"class_list":{"0":"post-728","1":"post","2":"type-post","3":"status-publish","4":"format-standard","6":"category-pressemitteilungen"},"yoast_head":"<!-- This site is optimized with the Yoast SEO plugin v24.2 - https:\/\/yoast.com\/wordpress\/plugins\/seo\/ -->\n<title>Daddler, Gamer, Fotografen: fotocommunity.de auf der gamescom 2011 - fotocommunity<\/title>\n<meta name=\"robots\" content=\"index, follow, max-snippet:-1, max-image-preview:large, max-video-preview:-1\" \/>\n<link rel=\"canonical\" href=\"https:\/\/fotocommunity.net\/de\/2011\/08\/daddler-gamer-fotografen-fotocommunity-de-auf-der-gamescom-2011\/\" \/>\n<meta property=\"og:locale\" content=\"es_ES\" \/>\n<meta property=\"og:type\" content=\"article\" \/>\n<meta property=\"og:title\" content=\"Daddler, Gamer, Fotografen: fotocommunity.de auf der gamescom 2011 - fotocommunity\" \/>\n<meta property=\"og:description\" content=\"K\u00f6ln, 18. August 2011: fotocommunity.de, die gr\u00f6\u00dfte Gemeinschaft f\u00fcr Fotografie in Europa, ist vom 18. bis zum 21. August 2011 auf der gamescom in K\u00f6ln vertreten und macht ihren Messestand...\" \/>\n<meta property=\"og:url\" content=\"https:\/\/fotocommunity.net\/de\/2011\/08\/daddler-gamer-fotografen-fotocommunity-de-auf-der-gamescom-2011\/\" \/>\n<meta property=\"og:site_name\" content=\"fotocommunity\" \/>\n<meta property=\"article:published_time\" content=\"2011-08-16T10:00:27+00:00\" \/>\n<meta property=\"article:modified_time\" content=\"2018-11-12T15:23:09+00:00\" \/>\n<meta name=\"author\" content=\"Chrissi\" \/>\n<meta name=\"twitter:label1\" content=\"Escrito por\" \/>\n\t<meta name=\"twitter:data1\" content=\"Chrissi\" \/>\n\t<meta name=\"twitter:label2\" content=\"Tiempo de lectura\" \/>\n\t<meta name=\"twitter:data2\" content=\"1 minuto\" \/>\n<script type=\"application\/ld+json\" class=\"yoast-schema-graph\">{\"@context\":\"https:\/\/schema.org\",\"@graph\":[{\"@type\":\"Article\",\"@id\":\"https:\/\/fotocommunity.net\/de\/2011\/08\/daddler-gamer-fotografen-fotocommunity-de-auf-der-gamescom-2011\/#article\",\"isPartOf\":{\"@id\":\"https:\/\/fotocommunity.net\/de\/2011\/08\/daddler-gamer-fotografen-fotocommunity-de-auf-der-gamescom-2011\/\"},\"author\":{\"name\":\"Chrissi\",\"@id\":\"http:\/\/fotocommunity.net\/de\/#\/schema\/person\/964e5db2093aa6f78bea1e64a544891a\"},\"headline\":\"Daddler, Gamer, Fotografen: fotocommunity.de auf der gamescom 2011\",\"datePublished\":\"2011-08-16T10:00:27+00:00\",\"dateModified\":\"2018-11-12T15:23:09+00:00\",\"mainEntityOfPage\":{\"@id\":\"https:\/\/fotocommunity.net\/de\/2011\/08\/daddler-gamer-fotografen-fotocommunity-de-auf-der-gamescom-2011\/\"},\"wordCount\":210,\"publisher\":{\"@id\":\"http:\/\/fotocommunity.net\/de\/#organization\"},\"articleSection\":[\"Pressemitteilungen\"],\"inLanguage\":\"es\"},{\"@type\":\"WebPage\",\"@id\":\"https:\/\/fotocommunity.net\/de\/2011\/08\/daddler-gamer-fotografen-fotocommunity-de-auf-der-gamescom-2011\/\",\"url\":\"https:\/\/fotocommunity.net\/de\/2011\/08\/daddler-gamer-fotografen-fotocommunity-de-auf-der-gamescom-2011\/\",\"name\":\"Daddler, Gamer, Fotografen: fotocommunity.de auf der gamescom 2011 - fotocommunity\",\"isPartOf\":{\"@id\":\"http:\/\/fotocommunity.net\/de\/#website\"},\"datePublished\":\"2011-08-16T10:00:27+00:00\",\"dateModified\":\"2018-11-12T15:23:09+00:00\",\"breadcrumb\":{\"@id\":\"https:\/\/fotocommunity.net\/de\/2011\/08\/daddler-gamer-fotografen-fotocommunity-de-auf-der-gamescom-2011\/#breadcrumb\"},\"inLanguage\":\"es\",\"potentialAction\":[{\"@type\":\"ReadAction\",\"target\":[\"https:\/\/fotocommunity.net\/de\/2011\/08\/daddler-gamer-fotografen-fotocommunity-de-auf-der-gamescom-2011\/\"]}]},{\"@type\":\"BreadcrumbList\",\"@id\":\"https:\/\/fotocommunity.net\/de\/2011\/08\/daddler-gamer-fotografen-fotocommunity-de-auf-der-gamescom-2011\/#breadcrumb\",\"itemListElement\":[{\"@type\":\"ListItem\",\"position\":1,\"name\":\"Home\",\"item\":\"http:\/\/fotocommunity.net\/de\/\"},{\"@type\":\"ListItem\",\"position\":2,\"name\":\"Daddler, Gamer, Fotografen: fotocommunity.de auf der gamescom 2011\"}]},{\"@type\":\"WebSite\",\"@id\":\"http:\/\/fotocommunity.net\/de\/#website\",\"url\":\"http:\/\/fotocommunity.net\/de\/\",\"name\":\"fotocommunity\",\"description\":\"Wir unternehmen fotocommunity\",\"publisher\":{\"@id\":\"http:\/\/fotocommunity.net\/de\/#organization\"},\"potentialAction\":[{\"@type\":\"SearchAction\",\"target\":{\"@type\":\"EntryPoint\",\"urlTemplate\":\"http:\/\/fotocommunity.net\/de\/?s={search_term_string}\"},\"query-input\":{\"@type\":\"PropertyValueSpecification\",\"valueRequired\":true,\"valueName\":\"search_term_string\"}}],\"inLanguage\":\"es\"},{\"@type\":\"Organization\",\"@id\":\"http:\/\/fotocommunity.net\/de\/#organization\",\"name\":\"fotocommunity GmbH\",\"url\":\"http:\/\/fotocommunity.net\/de\/\",\"logo\":{\"@type\":\"ImageObject\",\"inLanguage\":\"es\",\"@id\":\"http:\/\/fotocommunity.net\/de\/#\/schema\/logo\/image\/\",\"url\":\"https:\/\/fotocommunity.net\/wp-content\/uploads\/2014\/07\/logo-corporate.png\",\"contentUrl\":\"https:\/\/fotocommunity.net\/wp-content\/uploads\/2014\/07\/logo-corporate.png\",\"width\":277,\"height\":30,\"caption\":\"fotocommunity GmbH\"},\"image\":{\"@id\":\"http:\/\/fotocommunity.net\/de\/#\/schema\/logo\/image\/\"}},{\"@type\":\"Person\",\"@id\":\"http:\/\/fotocommunity.net\/de\/#\/schema\/person\/964e5db2093aa6f78bea1e64a544891a\",\"name\":\"Chrissi\"}]}<\/script>\n<!-- \/ Yoast SEO plugin. -->","yoast_head_json":{"title":"Daddler, Gamer, Fotografen: fotocommunity.de auf der gamescom 2011 - fotocommunity","robots":{"index":"index","follow":"follow","max-snippet":"max-snippet:-1","max-image-preview":"max-image-preview:large","max-video-preview":"max-video-preview:-1"},"canonical":"https:\/\/fotocommunity.net\/de\/2011\/08\/daddler-gamer-fotografen-fotocommunity-de-auf-der-gamescom-2011\/","og_locale":"es_ES","og_type":"article","og_title":"Daddler, Gamer, Fotografen: fotocommunity.de auf der gamescom 2011 - fotocommunity","og_description":"K\u00f6ln, 18. August 2011: fotocommunity.de, die gr\u00f6\u00dfte Gemeinschaft f\u00fcr Fotografie in Europa, ist vom 18. bis zum 21. August 2011 auf der gamescom in K\u00f6ln vertreten und macht ihren Messestand...","og_url":"https:\/\/fotocommunity.net\/de\/2011\/08\/daddler-gamer-fotografen-fotocommunity-de-auf-der-gamescom-2011\/","og_site_name":"fotocommunity","article_published_time":"2011-08-16T10:00:27+00:00","article_modified_time":"2018-11-12T15:23:09+00:00","author":"Chrissi","twitter_misc":{"Escrito por":"Chrissi","Tiempo de lectura":"1 minuto"},"schema":{"@context":"https:\/\/schema.org","@graph":[{"@type":"Article","@id":"https:\/\/fotocommunity.net\/de\/2011\/08\/daddler-gamer-fotografen-fotocommunity-de-auf-der-gamescom-2011\/#article","isPartOf":{"@id":"https:\/\/fotocommunity.net\/de\/2011\/08\/daddler-gamer-fotografen-fotocommunity-de-auf-der-gamescom-2011\/"},"author":{"name":"Chrissi","@id":"http:\/\/fotocommunity.net\/de\/#\/schema\/person\/964e5db2093aa6f78bea1e64a544891a"},"headline":"Daddler, Gamer, Fotografen: fotocommunity.de auf der gamescom 2011","datePublished":"2011-08-16T10:00:27+00:00","dateModified":"2018-11-12T15:23:09+00:00","mainEntityOfPage":{"@id":"https:\/\/fotocommunity.net\/de\/2011\/08\/daddler-gamer-fotografen-fotocommunity-de-auf-der-gamescom-2011\/"},"wordCount":210,"publisher":{"@id":"http:\/\/fotocommunity.net\/de\/#organization"},"articleSection":["Pressemitteilungen"],"inLanguage":"es"},{"@type":"WebPage","@id":"https:\/\/fotocommunity.net\/de\/2011\/08\/daddler-gamer-fotografen-fotocommunity-de-auf-der-gamescom-2011\/","url":"https:\/\/fotocommunity.net\/de\/2011\/08\/daddler-gamer-fotografen-fotocommunity-de-auf-der-gamescom-2011\/","name":"Daddler, Gamer, Fotografen: fotocommunity.de auf der gamescom 2011 - fotocommunity","isPartOf":{"@id":"http:\/\/fotocommunity.net\/de\/#website"},"datePublished":"2011-08-16T10:00:27+00:00","dateModified":"2018-11-12T15:23:09+00:00","breadcrumb":{"@id":"https:\/\/fotocommunity.net\/de\/2011\/08\/daddler-gamer-fotografen-fotocommunity-de-auf-der-gamescom-2011\/#breadcrumb"},"inLanguage":"es","potentialAction":[{"@type":"ReadAction","target":["https:\/\/fotocommunity.net\/de\/2011\/08\/daddler-gamer-fotografen-fotocommunity-de-auf-der-gamescom-2011\/"]}]},{"@type":"BreadcrumbList","@id":"https:\/\/fotocommunity.net\/de\/2011\/08\/daddler-gamer-fotografen-fotocommunity-de-auf-der-gamescom-2011\/#breadcrumb","itemListElement":[{"@type":"ListItem","position":1,"name":"Home","item":"http:\/\/fotocommunity.net\/de\/"},{"@type":"ListItem","position":2,"name":"Daddler, Gamer, Fotografen: fotocommunity.de auf der gamescom 2011"}]},{"@type":"WebSite","@id":"http:\/\/fotocommunity.net\/de\/#website","url":"http:\/\/fotocommunity.net\/de\/","name":"fotocommunity","description":"Wir unternehmen fotocommunity","publisher":{"@id":"http:\/\/fotocommunity.net\/de\/#organization"},"potentialAction":[{"@type":"SearchAction","target":{"@type":"EntryPoint","urlTemplate":"http:\/\/fotocommunity.net\/de\/?s={search_term_string}"},"query-input":{"@type":"PropertyValueSpecification","valueRequired":true,"valueName":"search_term_string"}}],"inLanguage":"es"},{"@type":"Organization","@id":"http:\/\/fotocommunity.net\/de\/#organization","name":"fotocommunity GmbH","url":"http:\/\/fotocommunity.net\/de\/","logo":{"@type":"ImageObject","inLanguage":"es","@id":"http:\/\/fotocommunity.net\/de\/#\/schema\/logo\/image\/","url":"https:\/\/fotocommunity.net\/wp-content\/uploads\/2014\/07\/logo-corporate.png","contentUrl":"https:\/\/fotocommunity.net\/wp-content\/uploads\/2014\/07\/logo-corporate.png","width":277,"height":30,"caption":"fotocommunity GmbH"},"image":{"@id":"http:\/\/fotocommunity.net\/de\/#\/schema\/logo\/image\/"}},{"@type":"Person","@id":"http:\/\/fotocommunity.net\/de\/#\/schema\/person\/964e5db2093aa6f78bea1e64a544891a","name":"Chrissi"}]}},"_links":{"self":[{"href":"https:\/\/fotocommunity.net\/es\/wp-json\/wp\/v2\/posts\/728","targetHints":{"allow":["GET"]}}],"collection":[{"href":"https:\/\/fotocommunity.net\/es\/wp-json\/wp\/v2\/posts"}],"about":[{"href":"https:\/\/fotocommunity.net\/es\/wp-json\/wp\/v2\/types\/post"}],"author":[{"embeddable":true,"href":"https:\/\/fotocommunity.net\/es\/wp-json\/wp\/v2\/users\/25"}],"replies":[{"embeddable":true,"href":"https:\/\/fotocommunity.net\/es\/wp-json\/wp\/v2\/comments?post=728"}],"version-history":[{"count":0,"href":"https:\/\/fotocommunity.net\/es\/wp-json\/wp\/v2\/posts\/728\/revisions"}],"wp:attachment":[{"href":"https:\/\/fotocommunity.net\/es\/wp-json\/wp\/v2\/media?parent=728"}],"wp:term":[{"taxonomy":"category","embeddable":true,"href":"https:\/\/fotocommunity.net\/es\/wp-json\/wp\/v2\/categories?post=728"},{"taxonomy":"post_tag","embeddable":true,"href":"https:\/\/fotocommunity.net\/es\/wp-json\/wp\/v2\/tags?post=728"}],"curies":[{"name":"wp","href":"https:\/\/api.w.org\/{rel}","templated":true}]}}