{"id":703,"date":"2013-11-20T12:00:46","date_gmt":"2013-11-20T11:00:46","guid":{"rendered":"http:\/\/fccorporate.wpengine.com\/de\/?p=703"},"modified":"2018-11-12T16:22:43","modified_gmt":"2018-11-12T15:22:43","slug":"fotocommunity-de-praesentiert-charity-kalender-2014","status":"publish","type":"post","link":"https:\/\/fotocommunity.net\/it\/2013\/11\/fotocommunity-de-praesentiert-charity-kalender-2014\/","title":{"rendered":"fotocommunity.de pr\u00e4sentiert Charity-Kalender 2014"},"content":{"rendered":"<p><strong>K\u00f6ln, 20. November 2013: fotocommunity.de, die gr\u00f6\u00dfte Gemeinschaft f\u00fcr Fotografie Europas, pr\u00e4sentiert unter dem Titel \u201eImpressionen\u201c ihren Charity-Kalender 2014. Der Fotokalender ist ab sofort im Buchhandel erh\u00e4ltlich, 100 % des fotocommunity-Verkaufserl\u00f6ses kommt der Aktion Deutschland Hilft und somit auch den Opfern des Taifuns Haiyan zugute.<\/strong><\/p>\n<p><a href=\"http:\/\/fccorporate.wpengine.com\/wp-content\/uploads\/2014\/09\/6c64ea88f2.jpg\" rel=\"lightbox[703]\"><img loading=\"lazy\" decoding=\"async\" src=\"http:\/\/fccorporate.wpengine.com\/wp-content\/uploads\/2014\/09\/6c64ea88f2.jpg\" alt=\"Kalender 2014\" width=\"800\" height=\"566\" class=\"aligncenter size-full wp-image-704\" srcset=\"https:\/\/fotocommunity.net\/wp-content\/uploads\/2014\/09\/6c64ea88f2.jpg 800w, https:\/\/fotocommunity.net\/wp-content\/uploads\/2014\/09\/6c64ea88f2-600x425.jpg 600w, https:\/\/fotocommunity.net\/wp-content\/uploads\/2014\/09\/6c64ea88f2-300x212.jpg 300w\" sizes=\"auto, (max-width: 800px) 100vw, 800px\" \/><\/a><\/p>\n<p>Der Fotokalender kann in drei verschiedenen Formaten ab einem Preis von 19,90 Euro im  Online-Shop des Verlags CALVENDO oder im Buchhandel unter dem Titel \u201eImpressionen. fotocommunity Kalender 2014\u201c bestellt werden. Die Aufnahmen des Kalenders sind aus einem Fotowettbewerb hervorgegangen, in dessen Rahmen <a href=\"http:\/\/www.fotocommunity.de\/\">fotocommunity.de<\/a> ihre Mitglieder dazu aufrief, die besten Aufnahmen zu unterschiedlichen fotografischen Themen f\u00fcr das Charity-Projekt einzusenden.<\/p>\n<p>Der gesamte Verkaufserl\u00f6s der fotocommunity kommt dem B\u00fcndnis deutscher Hilfsorganisationen \u201eAktion Deutschland Hilft\u201c zugute, das im Rahmen eines Nothilfeprogramms auch die Opfer des Taifuns Haiyan auf den Philippinen und in Vietnam unterst\u00fctzt.<\/p>\n<p>\u201eMit unserem Fotokalender wird jeder Tag des Jahres 2014 ein kleines bisschen sch\u00f6ner\u201c, so Daniel Schaffeld, Gesch\u00e4ftsf\u00fchrer der fotocommunity. \u201eNicht nur der herausragenden Fotos wegen, sondern weil jeder Cent aus unserem Erl\u00f6s dorthin flie\u00dft, wo er dringend ben\u00f6tigt wird. Unser Dank gilt unseren Kalender-Fotografen, die ihre Fotos unentgeltlich zur Verf\u00fcgung gestellt haben \u2013 und nat\u00fcrlich jedem einzelnen K\u00e4ufer.\u201c<\/p>\n<p>Fotos ausstellen und diskutieren: die fotocommunity ist mit \u00fcber einer Million registrierten Mitgliedern in f\u00fcnf Sprachversionen die gr\u00f6\u00dfte Internetgemeinschaft f\u00fcr Fotografie in Europa. Seit ihrer Gr\u00fcndung im Jahr 2001 wurden \u00fcber 20 Millionen Fotos hochgeladen und 200 Millionen Bildkritiken verfasst. Das Angebot verzeichnet 130 Millionen Seitenaufrufe im Monat.<\/p>\n","protected":false},"excerpt":{"rendered":"<p>K\u00f6ln, 20. November 2013: fotocommunity.de, die gr\u00f6\u00dfte Gemeinschaft f\u00fcr Fotografie Europas, pr\u00e4sentiert unter dem Titel \u201eImpressionen\u201c ihren Charity-Kalender 2014. Der Fotokalender ist ab sofort im Buchhandel erh\u00e4ltlich, 100 % des&#8230;<\/p>\n","protected":false},"author":25,"featured_media":0,"comment_status":"closed","ping_status":"open","sticky":false,"template":"","format":"standard","meta":{"footnotes":""},"categories":[18],"tags":[],"class_list":{"0":"post-703","1":"post","2":"type-post","3":"status-publish","4":"format-standard","6":"category-pressemitteilungen"},"yoast_head":"<!-- This site is optimized with the Yoast SEO plugin v24.2 - https:\/\/yoast.com\/wordpress\/plugins\/seo\/ -->\n<title>fotocommunity.de pr\u00e4sentiert Charity-Kalender 2014 - fotocommunity<\/title>\n<meta name=\"robots\" content=\"index, follow, max-snippet:-1, max-image-preview:large, max-video-preview:-1\" \/>\n<link rel=\"canonical\" href=\"https:\/\/fotocommunity.net\/de\/2013\/11\/fotocommunity-de-praesentiert-charity-kalender-2014\/\" \/>\n<meta property=\"og:locale\" content=\"it_IT\" \/>\n<meta property=\"og:type\" content=\"article\" \/>\n<meta property=\"og:title\" content=\"fotocommunity.de pr\u00e4sentiert Charity-Kalender 2014 - fotocommunity\" \/>\n<meta property=\"og:description\" content=\"K\u00f6ln, 20. November 2013: fotocommunity.de, die gr\u00f6\u00dfte Gemeinschaft f\u00fcr Fotografie Europas, pr\u00e4sentiert unter dem Titel \u201eImpressionen\u201c ihren Charity-Kalender 2014. Der Fotokalender ist ab sofort im Buchhandel erh\u00e4ltlich, 100 % des...\" \/>\n<meta property=\"og:url\" content=\"https:\/\/fotocommunity.net\/de\/2013\/11\/fotocommunity-de-praesentiert-charity-kalender-2014\/\" \/>\n<meta property=\"og:site_name\" content=\"fotocommunity\" \/>\n<meta property=\"article:published_time\" content=\"2013-11-20T11:00:46+00:00\" \/>\n<meta property=\"article:modified_time\" content=\"2018-11-12T15:22:43+00:00\" \/>\n<meta property=\"og:image\" content=\"http:\/\/fccorporate.wpengine.com\/wp-content\/uploads\/2014\/09\/6c64ea88f2.jpg\" \/>\n<meta name=\"author\" content=\"Chrissi\" \/>\n<meta name=\"twitter:label1\" content=\"Scritto da\" \/>\n\t<meta name=\"twitter:data1\" content=\"Chrissi\" \/>\n\t<meta name=\"twitter:label2\" content=\"Tempo di lettura stimato\" \/>\n\t<meta name=\"twitter:data2\" content=\"1 minuto\" \/>\n<script type=\"application\/ld+json\" class=\"yoast-schema-graph\">{\"@context\":\"https:\/\/schema.org\",\"@graph\":[{\"@type\":\"Article\",\"@id\":\"https:\/\/fotocommunity.net\/de\/2013\/11\/fotocommunity-de-praesentiert-charity-kalender-2014\/#article\",\"isPartOf\":{\"@id\":\"https:\/\/fotocommunity.net\/de\/2013\/11\/fotocommunity-de-praesentiert-charity-kalender-2014\/\"},\"author\":{\"name\":\"Chrissi\",\"@id\":\"http:\/\/fotocommunity.net\/de\/#\/schema\/person\/964e5db2093aa6f78bea1e64a544891a\"},\"headline\":\"fotocommunity.de pr\u00e4sentiert Charity-Kalender 2014\",\"datePublished\":\"2013-11-20T11:00:46+00:00\",\"dateModified\":\"2018-11-12T15:22:43+00:00\",\"mainEntityOfPage\":{\"@id\":\"https:\/\/fotocommunity.net\/de\/2013\/11\/fotocommunity-de-praesentiert-charity-kalender-2014\/\"},\"wordCount\":258,\"publisher\":{\"@id\":\"http:\/\/fotocommunity.net\/de\/#organization\"},\"image\":{\"@id\":\"https:\/\/fotocommunity.net\/de\/2013\/11\/fotocommunity-de-praesentiert-charity-kalender-2014\/#primaryimage\"},\"thumbnailUrl\":\"http:\/\/fccorporate.wpengine.com\/wp-content\/uploads\/2014\/09\/6c64ea88f2.jpg\",\"articleSection\":[\"Pressemitteilungen\"],\"inLanguage\":\"it-IT\"},{\"@type\":\"WebPage\",\"@id\":\"https:\/\/fotocommunity.net\/de\/2013\/11\/fotocommunity-de-praesentiert-charity-kalender-2014\/\",\"url\":\"https:\/\/fotocommunity.net\/de\/2013\/11\/fotocommunity-de-praesentiert-charity-kalender-2014\/\",\"name\":\"fotocommunity.de pr\u00e4sentiert Charity-Kalender 2014 - fotocommunity\",\"isPartOf\":{\"@id\":\"http:\/\/fotocommunity.net\/de\/#website\"},\"primaryImageOfPage\":{\"@id\":\"https:\/\/fotocommunity.net\/de\/2013\/11\/fotocommunity-de-praesentiert-charity-kalender-2014\/#primaryimage\"},\"image\":{\"@id\":\"https:\/\/fotocommunity.net\/de\/2013\/11\/fotocommunity-de-praesentiert-charity-kalender-2014\/#primaryimage\"},\"thumbnailUrl\":\"http:\/\/fccorporate.wpengine.com\/wp-content\/uploads\/2014\/09\/6c64ea88f2.jpg\",\"datePublished\":\"2013-11-20T11:00:46+00:00\",\"dateModified\":\"2018-11-12T15:22:43+00:00\",\"breadcrumb\":{\"@id\":\"https:\/\/fotocommunity.net\/de\/2013\/11\/fotocommunity-de-praesentiert-charity-kalender-2014\/#breadcrumb\"},\"inLanguage\":\"it-IT\",\"potentialAction\":[{\"@type\":\"ReadAction\",\"target\":[\"https:\/\/fotocommunity.net\/de\/2013\/11\/fotocommunity-de-praesentiert-charity-kalender-2014\/\"]}]},{\"@type\":\"ImageObject\",\"inLanguage\":\"it-IT\",\"@id\":\"https:\/\/fotocommunity.net\/de\/2013\/11\/fotocommunity-de-praesentiert-charity-kalender-2014\/#primaryimage\",\"url\":\"http:\/\/fccorporate.wpengine.com\/wp-content\/uploads\/2014\/09\/6c64ea88f2.jpg\",\"contentUrl\":\"http:\/\/fccorporate.wpengine.com\/wp-content\/uploads\/2014\/09\/6c64ea88f2.jpg\"},{\"@type\":\"BreadcrumbList\",\"@id\":\"https:\/\/fotocommunity.net\/de\/2013\/11\/fotocommunity-de-praesentiert-charity-kalender-2014\/#breadcrumb\",\"itemListElement\":[{\"@type\":\"ListItem\",\"position\":1,\"name\":\"Home\",\"item\":\"http:\/\/fotocommunity.net\/de\/\"},{\"@type\":\"ListItem\",\"position\":2,\"name\":\"fotocommunity.de pr\u00e4sentiert Charity-Kalender 2014\"}]},{\"@type\":\"WebSite\",\"@id\":\"http:\/\/fotocommunity.net\/de\/#website\",\"url\":\"http:\/\/fotocommunity.net\/de\/\",\"name\":\"fotocommunity\",\"description\":\"Wir unternehmen fotocommunity\",\"publisher\":{\"@id\":\"http:\/\/fotocommunity.net\/de\/#organization\"},\"potentialAction\":[{\"@type\":\"SearchAction\",\"target\":{\"@type\":\"EntryPoint\",\"urlTemplate\":\"http:\/\/fotocommunity.net\/de\/?s={search_term_string}\"},\"query-input\":{\"@type\":\"PropertyValueSpecification\",\"valueRequired\":true,\"valueName\":\"search_term_string\"}}],\"inLanguage\":\"it-IT\"},{\"@type\":\"Organization\",\"@id\":\"http:\/\/fotocommunity.net\/de\/#organization\",\"name\":\"fotocommunity GmbH\",\"url\":\"http:\/\/fotocommunity.net\/de\/\",\"logo\":{\"@type\":\"ImageObject\",\"inLanguage\":\"it-IT\",\"@id\":\"http:\/\/fotocommunity.net\/de\/#\/schema\/logo\/image\/\",\"url\":\"https:\/\/fotocommunity.net\/wp-content\/uploads\/2014\/07\/logo-corporate.png\",\"contentUrl\":\"https:\/\/fotocommunity.net\/wp-content\/uploads\/2014\/07\/logo-corporate.png\",\"width\":277,\"height\":30,\"caption\":\"fotocommunity GmbH\"},\"image\":{\"@id\":\"http:\/\/fotocommunity.net\/de\/#\/schema\/logo\/image\/\"}},{\"@type\":\"Person\",\"@id\":\"http:\/\/fotocommunity.net\/de\/#\/schema\/person\/964e5db2093aa6f78bea1e64a544891a\",\"name\":\"Chrissi\"}]}<\/script>\n<!-- \/ Yoast SEO plugin. -->","yoast_head_json":{"title":"fotocommunity.de pr\u00e4sentiert Charity-Kalender 2014 - fotocommunity","robots":{"index":"index","follow":"follow","max-snippet":"max-snippet:-1","max-image-preview":"max-image-preview:large","max-video-preview":"max-video-preview:-1"},"canonical":"https:\/\/fotocommunity.net\/de\/2013\/11\/fotocommunity-de-praesentiert-charity-kalender-2014\/","og_locale":"it_IT","og_type":"article","og_title":"fotocommunity.de pr\u00e4sentiert Charity-Kalender 2014 - fotocommunity","og_description":"K\u00f6ln, 20. November 2013: fotocommunity.de, die gr\u00f6\u00dfte Gemeinschaft f\u00fcr Fotografie Europas, pr\u00e4sentiert unter dem Titel \u201eImpressionen\u201c ihren Charity-Kalender 2014. Der Fotokalender ist ab sofort im Buchhandel erh\u00e4ltlich, 100 % des...","og_url":"https:\/\/fotocommunity.net\/de\/2013\/11\/fotocommunity-de-praesentiert-charity-kalender-2014\/","og_site_name":"fotocommunity","article_published_time":"2013-11-20T11:00:46+00:00","article_modified_time":"2018-11-12T15:22:43+00:00","og_image":[{"url":"http:\/\/fccorporate.wpengine.com\/wp-content\/uploads\/2014\/09\/6c64ea88f2.jpg","type":"","width":"","height":""}],"author":"Chrissi","twitter_misc":{"Scritto da":"Chrissi","Tempo di lettura stimato":"1 minuto"},"schema":{"@context":"https:\/\/schema.org","@graph":[{"@type":"Article","@id":"https:\/\/fotocommunity.net\/de\/2013\/11\/fotocommunity-de-praesentiert-charity-kalender-2014\/#article","isPartOf":{"@id":"https:\/\/fotocommunity.net\/de\/2013\/11\/fotocommunity-de-praesentiert-charity-kalender-2014\/"},"author":{"name":"Chrissi","@id":"http:\/\/fotocommunity.net\/de\/#\/schema\/person\/964e5db2093aa6f78bea1e64a544891a"},"headline":"fotocommunity.de pr\u00e4sentiert Charity-Kalender 2014","datePublished":"2013-11-20T11:00:46+00:00","dateModified":"2018-11-12T15:22:43+00:00","mainEntityOfPage":{"@id":"https:\/\/fotocommunity.net\/de\/2013\/11\/fotocommunity-de-praesentiert-charity-kalender-2014\/"},"wordCount":258,"publisher":{"@id":"http:\/\/fotocommunity.net\/de\/#organization"},"image":{"@id":"https:\/\/fotocommunity.net\/de\/2013\/11\/fotocommunity-de-praesentiert-charity-kalender-2014\/#primaryimage"},"thumbnailUrl":"http:\/\/fccorporate.wpengine.com\/wp-content\/uploads\/2014\/09\/6c64ea88f2.jpg","articleSection":["Pressemitteilungen"],"inLanguage":"it-IT"},{"@type":"WebPage","@id":"https:\/\/fotocommunity.net\/de\/2013\/11\/fotocommunity-de-praesentiert-charity-kalender-2014\/","url":"https:\/\/fotocommunity.net\/de\/2013\/11\/fotocommunity-de-praesentiert-charity-kalender-2014\/","name":"fotocommunity.de pr\u00e4sentiert Charity-Kalender 2014 - fotocommunity","isPartOf":{"@id":"http:\/\/fotocommunity.net\/de\/#website"},"primaryImageOfPage":{"@id":"https:\/\/fotocommunity.net\/de\/2013\/11\/fotocommunity-de-praesentiert-charity-kalender-2014\/#primaryimage"},"image":{"@id":"https:\/\/fotocommunity.net\/de\/2013\/11\/fotocommunity-de-praesentiert-charity-kalender-2014\/#primaryimage"},"thumbnailUrl":"http:\/\/fccorporate.wpengine.com\/wp-content\/uploads\/2014\/09\/6c64ea88f2.jpg","datePublished":"2013-11-20T11:00:46+00:00","dateModified":"2018-11-12T15:22:43+00:00","breadcrumb":{"@id":"https:\/\/fotocommunity.net\/de\/2013\/11\/fotocommunity-de-praesentiert-charity-kalender-2014\/#breadcrumb"},"inLanguage":"it-IT","potentialAction":[{"@type":"ReadAction","target":["https:\/\/fotocommunity.net\/de\/2013\/11\/fotocommunity-de-praesentiert-charity-kalender-2014\/"]}]},{"@type":"ImageObject","inLanguage":"it-IT","@id":"https:\/\/fotocommunity.net\/de\/2013\/11\/fotocommunity-de-praesentiert-charity-kalender-2014\/#primaryimage","url":"http:\/\/fccorporate.wpengine.com\/wp-content\/uploads\/2014\/09\/6c64ea88f2.jpg","contentUrl":"http:\/\/fccorporate.wpengine.com\/wp-content\/uploads\/2014\/09\/6c64ea88f2.jpg"},{"@type":"BreadcrumbList","@id":"https:\/\/fotocommunity.net\/de\/2013\/11\/fotocommunity-de-praesentiert-charity-kalender-2014\/#breadcrumb","itemListElement":[{"@type":"ListItem","position":1,"name":"Home","item":"http:\/\/fotocommunity.net\/de\/"},{"@type":"ListItem","position":2,"name":"fotocommunity.de pr\u00e4sentiert Charity-Kalender 2014"}]},{"@type":"WebSite","@id":"http:\/\/fotocommunity.net\/de\/#website","url":"http:\/\/fotocommunity.net\/de\/","name":"fotocommunity","description":"Wir unternehmen fotocommunity","publisher":{"@id":"http:\/\/fotocommunity.net\/de\/#organization"},"potentialAction":[{"@type":"SearchAction","target":{"@type":"EntryPoint","urlTemplate":"http:\/\/fotocommunity.net\/de\/?s={search_term_string}"},"query-input":{"@type":"PropertyValueSpecification","valueRequired":true,"valueName":"search_term_string"}}],"inLanguage":"it-IT"},{"@type":"Organization","@id":"http:\/\/fotocommunity.net\/de\/#organization","name":"fotocommunity GmbH","url":"http:\/\/fotocommunity.net\/de\/","logo":{"@type":"ImageObject","inLanguage":"it-IT","@id":"http:\/\/fotocommunity.net\/de\/#\/schema\/logo\/image\/","url":"https:\/\/fotocommunity.net\/wp-content\/uploads\/2014\/07\/logo-corporate.png","contentUrl":"https:\/\/fotocommunity.net\/wp-content\/uploads\/2014\/07\/logo-corporate.png","width":277,"height":30,"caption":"fotocommunity GmbH"},"image":{"@id":"http:\/\/fotocommunity.net\/de\/#\/schema\/logo\/image\/"}},{"@type":"Person","@id":"http:\/\/fotocommunity.net\/de\/#\/schema\/person\/964e5db2093aa6f78bea1e64a544891a","name":"Chrissi"}]}},"_links":{"self":[{"href":"https:\/\/fotocommunity.net\/it\/wp-json\/wp\/v2\/posts\/703","targetHints":{"allow":["GET"]}}],"collection":[{"href":"https:\/\/fotocommunity.net\/it\/wp-json\/wp\/v2\/posts"}],"about":[{"href":"https:\/\/fotocommunity.net\/it\/wp-json\/wp\/v2\/types\/post"}],"author":[{"embeddable":true,"href":"https:\/\/fotocommunity.net\/it\/wp-json\/wp\/v2\/users\/25"}],"replies":[{"embeddable":true,"href":"https:\/\/fotocommunity.net\/it\/wp-json\/wp\/v2\/comments?post=703"}],"version-history":[{"count":0,"href":"https:\/\/fotocommunity.net\/it\/wp-json\/wp\/v2\/posts\/703\/revisions"}],"wp:attachment":[{"href":"https:\/\/fotocommunity.net\/it\/wp-json\/wp\/v2\/media?parent=703"}],"wp:term":[{"taxonomy":"category","embeddable":true,"href":"https:\/\/fotocommunity.net\/it\/wp-json\/wp\/v2\/categories?post=703"},{"taxonomy":"post_tag","embeddable":true,"href":"https:\/\/fotocommunity.net\/it\/wp-json\/wp\/v2\/tags?post=703"}],"curies":[{"name":"wp","href":"https:\/\/api.w.org\/{rel}","templated":true}]}}